{"id":1399,"date":"2022-06-24T11:58:15","date_gmt":"2022-06-24T14:58:15","guid":{"rendered":"https:\/\/cooperadorapelle.org.ar\/wp\/?p=1399"},"modified":"2022-06-25T11:41:18","modified_gmt":"2022-06-25T14:41:18","slug":"cuota-social-segunda-parte","status":"publish","type":"post","link":"https:\/\/cooperadorapelle.org.ar\/wp\/cuota-social-segunda-parte\/","title":{"rendered":"Cuota Social 2022 &#8211; Segunda parte"},"content":{"rendered":"<p>[et_pb_section fb_built=\u00bb1&#8243; _builder_version=\u00bb4.16&#8243; _module_preset=\u00bbdefault\u00bb global_colors_info=\u00bb{}\u00bb][et_pb_row _builder_version=\u00bb4.17.4&#8243; _module_preset=\u00bbdefault\u00bb global_colors_info=\u00bb{}\u00bb][et_pb_column type=\u00bb4_4&#8243; _builder_version=\u00bb4.17.4&#8243; _module_preset=\u00bbdefault\u00bb global_colors_info=\u00bb{}\u00bb][et_pb_text _builder_version=\u00bb4.17.4&#8243; _module_preset=\u00bbdefault\u00bb global_colors_info=\u00bb{}\u00bb]<\/p>\n<div dir=\"auto\">A principio de a\u00f1o les hab\u00edamos comunicado que la cuota social de este a\u00f1o iba a ser de $ 21.000.<\/div>\n<div dir=\"auto\"><\/div>\n<div dir=\"auto\"><\/div>\n<div dir=\"auto\"><\/div>\n<div dir=\"auto\"><\/div>\n<div dir=\"auto\"><\/div>\n<div dir=\"auto\"><\/div>\n<div dir=\"auto\"><\/div>\n<div dir=\"auto\"><\/div>\n<div dir=\"auto\"><\/div>\n<div dir=\"auto\"><\/div>\n<div dir=\"auto\"><\/div>\n<div dir=\"auto\"><\/div>\n<div dir=\"auto\">Tambi\u00e9n se defini\u00f3 que, quienes dividieran el pago en 12 cuotas, aportar\u00edan $ 1.500 por mes durante los primeros 6 meses y $ 2.000 los meses restantes.<\/div>\n<div dir=\"auto\"><\/div>\n<div dir=\"auto\"><\/div>\n<div dir=\"auto\"><\/div>\n<div dir=\"auto\">Bueno: quer\u00edamos avisarles que a partir de julio ya entramos en la segunda parte. La cuota mensual pasar\u00e1 de $ 1.500 a $ 2.000.<\/div>\n<div dir=\"auto\">Cabe aclarar que se mantiene el valor global de la cuota anual ($21.000). Solamente estamos aplicando la divisi\u00f3n acordada a principio de a\u00f1o.<\/div>\n<div dir=\"auto\">Desde ya agradecemos el esfuerzo que todos los socios realizan para que podamos seguir haciendo cosas para los chicos<\/div>\n<div dir=\"auto\"><\/div>\n<div dir=\"auto\"><\/div>\n<div dir=\"auto\"><\/div>\n<div dir=\"auto\"><\/div>\n<p>[\/et_pb_text][\/et_pb_column][\/et_pb_row][\/et_pb_section]<\/p>\n","protected":false},"excerpt":{"rendered":"<p>Para que nadie se sorprenda cuando vea la cuota en la tarjeta, les recordamos lo que hab\u00edamos avisado a principio de a\u00f1o. <\/p>\n","protected":false},"author":1,"featured_media":1400,"comment_status":"closed","ping_status":"open","sticky":false,"template":"","format":"standard","meta":{"_et_pb_use_builder":"on","_et_pb_old_content":"","_et_gb_content_width":"","footnotes":""},"categories":[9],"tags":[],"class_list":["post-1399","post","type-post","status-publish","format-standard","has-post-thumbnail","hentry","category-novedades"],"yoast_head":"<!-- This site is optimized with the Yoast SEO plugin v22.8 - https:\/\/yoast.com\/wordpress\/plugins\/seo\/ -->\n<title>Cuota Social 2022 - Segunda parte - La Coope del Pelle<\/title>\n<meta name=\"robots\" content=\"index, follow, max-snippet:-1, max-image-preview:large, max-video-preview:-1\" \/>\n<link rel=\"canonical\" href=\"https:\/\/cooperadorapelle.org.ar\/wp\/cuota-social-segunda-parte\/\" \/>\n<meta property=\"og:locale\" content=\"es_ES\" \/>\n<meta property=\"og:type\" content=\"article\" \/>\n<meta property=\"og:title\" content=\"Cuota Social 2022 - Segunda parte - La Coope del Pelle\" \/>\n<meta property=\"og:description\" content=\"Para que nadie se sorprenda cuando vea la cuota en la tarjeta, les recordamos lo que hab\u00edamos avisado a principio de a\u00f1o.\" \/>\n<meta property=\"og:url\" content=\"https:\/\/cooperadorapelle.org.ar\/wp\/cuota-social-segunda-parte\/\" \/>\n<meta property=\"og:site_name\" content=\"La Coope del Pelle\" \/>\n<meta property=\"article:publisher\" content=\"https:\/\/www.facebook.com\/lacoopedelpelle\" \/>\n<meta property=\"article:published_time\" content=\"2022-06-24T14:58:15+00:00\" \/>\n<meta property=\"article:modified_time\" content=\"2022-06-25T14:41:18+00:00\" \/>\n<meta property=\"og:image\" content=\"https:\/\/cooperadorapelle.org.ar\/wp\/wp-content\/uploads\/2022\/06\/a959c8213f15f4955cb4686ae1b41bdf.png\" \/>\n\t<meta property=\"og:image:width\" content=\"500\" \/>\n\t<meta property=\"og:image:height\" content=\"386\" \/>\n\t<meta property=\"og:image:type\" content=\"image\/png\" \/>\n<meta name=\"author\" content=\"admincoope\" \/>\n<meta name=\"twitter:card\" content=\"summary_large_image\" \/>\n<meta name=\"twitter:label1\" content=\"Escrito por\" \/>\n\t<meta name=\"twitter:data1\" content=\"admincoope\" \/>\n\t<meta name=\"twitter:label2\" content=\"Tiempo de lectura\" \/>\n\t<meta name=\"twitter:data2\" content=\"1 minuto\" \/>\n<script type=\"application\/ld+json\" class=\"yoast-schema-graph\">{\"@context\":\"https:\/\/schema.org\",\"@graph\":[{\"@type\":\"Article\",\"@id\":\"https:\/\/cooperadorapelle.org.ar\/wp\/cuota-social-segunda-parte\/#article\",\"isPartOf\":{\"@id\":\"https:\/\/cooperadorapelle.org.ar\/wp\/cuota-social-segunda-parte\/\"},\"author\":{\"name\":\"admincoope\",\"@id\":\"https:\/\/cooperadorapelle.org.ar\/wp\/#\/schema\/person\/6f68f1aea1aeb39a5da64ee9798fc374\"},\"headline\":\"Cuota Social 2022 &#8211; Segunda parte\",\"datePublished\":\"2022-06-24T14:58:15+00:00\",\"dateModified\":\"2022-06-25T14:41:18+00:00\",\"mainEntityOfPage\":{\"@id\":\"https:\/\/cooperadorapelle.org.ar\/wp\/cuota-social-segunda-parte\/\"},\"wordCount\":172,\"publisher\":{\"@id\":\"https:\/\/cooperadorapelle.org.ar\/wp\/#organization\"},\"image\":{\"@id\":\"https:\/\/cooperadorapelle.org.ar\/wp\/cuota-social-segunda-parte\/#primaryimage\"},\"thumbnailUrl\":\"https:\/\/cooperadorapelle.org.ar\/wp\/wp-content\/uploads\/2022\/06\/a959c8213f15f4955cb4686ae1b41bdf.png\",\"articleSection\":[\"Novedades\"],\"inLanguage\":\"es\"},{\"@type\":\"WebPage\",\"@id\":\"https:\/\/cooperadorapelle.org.ar\/wp\/cuota-social-segunda-parte\/\",\"url\":\"https:\/\/cooperadorapelle.org.ar\/wp\/cuota-social-segunda-parte\/\",\"name\":\"Cuota Social 2022 - Segunda parte - La Coope del Pelle\",\"isPartOf\":{\"@id\":\"https:\/\/cooperadorapelle.org.ar\/wp\/#website\"},\"primaryImageOfPage\":{\"@id\":\"https:\/\/cooperadorapelle.org.ar\/wp\/cuota-social-segunda-parte\/#primaryimage\"},\"image\":{\"@id\":\"https:\/\/cooperadorapelle.org.ar\/wp\/cuota-social-segunda-parte\/#primaryimage\"},\"thumbnailUrl\":\"https:\/\/cooperadorapelle.org.ar\/wp\/wp-content\/uploads\/2022\/06\/a959c8213f15f4955cb4686ae1b41bdf.png\",\"datePublished\":\"2022-06-24T14:58:15+00:00\",\"dateModified\":\"2022-06-25T14:41:18+00:00\",\"breadcrumb\":{\"@id\":\"https:\/\/cooperadorapelle.org.ar\/wp\/cuota-social-segunda-parte\/#breadcrumb\"},\"inLanguage\":\"es\",\"potentialAction\":[{\"@type\":\"ReadAction\",\"target\":[\"https:\/\/cooperadorapelle.org.ar\/wp\/cuota-social-segunda-parte\/\"]}]},{\"@type\":\"ImageObject\",\"inLanguage\":\"es\",\"@id\":\"https:\/\/cooperadorapelle.org.ar\/wp\/cuota-social-segunda-parte\/#primaryimage\",\"url\":\"https:\/\/cooperadorapelle.org.ar\/wp\/wp-content\/uploads\/2022\/06\/a959c8213f15f4955cb4686ae1b41bdf.png\",\"contentUrl\":\"https:\/\/cooperadorapelle.org.ar\/wp\/wp-content\/uploads\/2022\/06\/a959c8213f15f4955cb4686ae1b41bdf.png\",\"width\":500,\"height\":386},{\"@type\":\"BreadcrumbList\",\"@id\":\"https:\/\/cooperadorapelle.org.ar\/wp\/cuota-social-segunda-parte\/#breadcrumb\",\"itemListElement\":[{\"@type\":\"ListItem\",\"position\":1,\"name\":\"Portada\",\"item\":\"https:\/\/cooperadorapelle.org.ar\/wp\/\"},{\"@type\":\"ListItem\",\"position\":2,\"name\":\"Cuota Social 2022 &#8211; Segunda parte\"}]},{\"@type\":\"WebSite\",\"@id\":\"https:\/\/cooperadorapelle.org.ar\/wp\/#website\",\"url\":\"https:\/\/cooperadorapelle.org.ar\/wp\/\",\"name\":\"La Coope del Pelle\",\"description\":\"Sitio oficial de la Asociacion Cooperadora Fitz Simon - La Coope del Pelle\",\"publisher\":{\"@id\":\"https:\/\/cooperadorapelle.org.ar\/wp\/#organization\"},\"potentialAction\":[{\"@type\":\"SearchAction\",\"target\":{\"@type\":\"EntryPoint\",\"urlTemplate\":\"https:\/\/cooperadorapelle.org.ar\/wp\/?s={search_term_string}\"},\"query-input\":\"required name=search_term_string\"}],\"inLanguage\":\"es\"},{\"@type\":\"Organization\",\"@id\":\"https:\/\/cooperadorapelle.org.ar\/wp\/#organization\",\"name\":\"Asociaci\u00f3n Cooperadora Fitz Simon\",\"alternateName\":\"La Coope del Pelle\",\"url\":\"https:\/\/cooperadorapelle.org.ar\/wp\/\",\"logo\":{\"@type\":\"ImageObject\",\"inLanguage\":\"es\",\"@id\":\"https:\/\/cooperadorapelle.org.ar\/wp\/#\/schema\/logo\/image\/\",\"url\":\"https:\/\/cooperadorapelle.org.ar\/wp\/wp-content\/uploads\/2021\/10\/logo-coope2.png\",\"contentUrl\":\"https:\/\/cooperadorapelle.org.ar\/wp\/wp-content\/uploads\/2021\/10\/logo-coope2.png\",\"width\":1416,\"height\":544,\"caption\":\"Asociaci\u00f3n Cooperadora Fitz Simon\"},\"image\":{\"@id\":\"https:\/\/cooperadorapelle.org.ar\/wp\/#\/schema\/logo\/image\/\"},\"sameAs\":[\"https:\/\/www.facebook.com\/lacoopedelpelle\",\"https:\/\/www.instagram.com\/lacoopedelpelle\/\"]},{\"@type\":\"Person\",\"@id\":\"https:\/\/cooperadorapelle.org.ar\/wp\/#\/schema\/person\/6f68f1aea1aeb39a5da64ee9798fc374\",\"name\":\"admincoope\",\"sameAs\":[\"https:\/\/cooperadorapelle.org.ar\/wp\"],\"url\":\"https:\/\/cooperadorapelle.org.ar\/wp\/author\/admincoope\/\"}]}<\/script>\n<!-- \/ Yoast SEO plugin. -->","yoast_head_json":{"title":"Cuota Social 2022 - Segunda parte - La Coope del Pelle","robots":{"index":"index","follow":"follow","max-snippet":"max-snippet:-1","max-image-preview":"max-image-preview:large","max-video-preview":"max-video-preview:-1"},"canonical":"https:\/\/cooperadorapelle.org.ar\/wp\/cuota-social-segunda-parte\/","og_locale":"es_ES","og_type":"article","og_title":"Cuota Social 2022 - Segunda parte - La Coope del Pelle","og_description":"Para que nadie se sorprenda cuando vea la cuota en la tarjeta, les recordamos lo que hab\u00edamos avisado a principio de a\u00f1o.","og_url":"https:\/\/cooperadorapelle.org.ar\/wp\/cuota-social-segunda-parte\/","og_site_name":"La Coope del Pelle","article_publisher":"https:\/\/www.facebook.com\/lacoopedelpelle","article_published_time":"2022-06-24T14:58:15+00:00","article_modified_time":"2022-06-25T14:41:18+00:00","og_image":[{"width":500,"height":386,"url":"https:\/\/cooperadorapelle.org.ar\/wp\/wp-content\/uploads\/2022\/06\/a959c8213f15f4955cb4686ae1b41bdf.png","type":"image\/png"}],"author":"admincoope","twitter_card":"summary_large_image","twitter_misc":{"Escrito por":"admincoope","Tiempo de lectura":"1 minuto"},"schema":{"@context":"https:\/\/schema.org","@graph":[{"@type":"Article","@id":"https:\/\/cooperadorapelle.org.ar\/wp\/cuota-social-segunda-parte\/#article","isPartOf":{"@id":"https:\/\/cooperadorapelle.org.ar\/wp\/cuota-social-segunda-parte\/"},"author":{"name":"admincoope","@id":"https:\/\/cooperadorapelle.org.ar\/wp\/#\/schema\/person\/6f68f1aea1aeb39a5da64ee9798fc374"},"headline":"Cuota Social 2022 &#8211; Segunda parte","datePublished":"2022-06-24T14:58:15+00:00","dateModified":"2022-06-25T14:41:18+00:00","mainEntityOfPage":{"@id":"https:\/\/cooperadorapelle.org.ar\/wp\/cuota-social-segunda-parte\/"},"wordCount":172,"publisher":{"@id":"https:\/\/cooperadorapelle.org.ar\/wp\/#organization"},"image":{"@id":"https:\/\/cooperadorapelle.org.ar\/wp\/cuota-social-segunda-parte\/#primaryimage"},"thumbnailUrl":"https:\/\/cooperadorapelle.org.ar\/wp\/wp-content\/uploads\/2022\/06\/a959c8213f15f4955cb4686ae1b41bdf.png","articleSection":["Novedades"],"inLanguage":"es"},{"@type":"WebPage","@id":"https:\/\/cooperadorapelle.org.ar\/wp\/cuota-social-segunda-parte\/","url":"https:\/\/cooperadorapelle.org.ar\/wp\/cuota-social-segunda-parte\/","name":"Cuota Social 2022 - Segunda parte - La Coope del Pelle","isPartOf":{"@id":"https:\/\/cooperadorapelle.org.ar\/wp\/#website"},"primaryImageOfPage":{"@id":"https:\/\/cooperadorapelle.org.ar\/wp\/cuota-social-segunda-parte\/#primaryimage"},"image":{"@id":"https:\/\/cooperadorapelle.org.ar\/wp\/cuota-social-segunda-parte\/#primaryimage"},"thumbnailUrl":"https:\/\/cooperadorapelle.org.ar\/wp\/wp-content\/uploads\/2022\/06\/a959c8213f15f4955cb4686ae1b41bdf.png","datePublished":"2022-06-24T14:58:15+00:00","dateModified":"2022-06-25T14:41:18+00:00","breadcrumb":{"@id":"https:\/\/cooperadorapelle.org.ar\/wp\/cuota-social-segunda-parte\/#breadcrumb"},"inLanguage":"es","potentialAction":[{"@type":"ReadAction","target":["https:\/\/cooperadorapelle.org.ar\/wp\/cuota-social-segunda-parte\/"]}]},{"@type":"ImageObject","inLanguage":"es","@id":"https:\/\/cooperadorapelle.org.ar\/wp\/cuota-social-segunda-parte\/#primaryimage","url":"https:\/\/cooperadorapelle.org.ar\/wp\/wp-content\/uploads\/2022\/06\/a959c8213f15f4955cb4686ae1b41bdf.png","contentUrl":"https:\/\/cooperadorapelle.org.ar\/wp\/wp-content\/uploads\/2022\/06\/a959c8213f15f4955cb4686ae1b41bdf.png","width":500,"height":386},{"@type":"BreadcrumbList","@id":"https:\/\/cooperadorapelle.org.ar\/wp\/cuota-social-segunda-parte\/#breadcrumb","itemListElement":[{"@type":"ListItem","position":1,"name":"Portada","item":"https:\/\/cooperadorapelle.org.ar\/wp\/"},{"@type":"ListItem","position":2,"name":"Cuota Social 2022 &#8211; Segunda parte"}]},{"@type":"WebSite","@id":"https:\/\/cooperadorapelle.org.ar\/wp\/#website","url":"https:\/\/cooperadorapelle.org.ar\/wp\/","name":"La Coope del Pelle","description":"Sitio oficial de la Asociacion Cooperadora Fitz Simon - La Coope del Pelle","publisher":{"@id":"https:\/\/cooperadorapelle.org.ar\/wp\/#organization"},"potentialAction":[{"@type":"SearchAction","target":{"@type":"EntryPoint","urlTemplate":"https:\/\/cooperadorapelle.org.ar\/wp\/?s={search_term_string}"},"query-input":"required name=search_term_string"}],"inLanguage":"es"},{"@type":"Organization","@id":"https:\/\/cooperadorapelle.org.ar\/wp\/#organization","name":"Asociaci\u00f3n Cooperadora Fitz Simon","alternateName":"La Coope del Pelle","url":"https:\/\/cooperadorapelle.org.ar\/wp\/","logo":{"@type":"ImageObject","inLanguage":"es","@id":"https:\/\/cooperadorapelle.org.ar\/wp\/#\/schema\/logo\/image\/","url":"https:\/\/cooperadorapelle.org.ar\/wp\/wp-content\/uploads\/2021\/10\/logo-coope2.png","contentUrl":"https:\/\/cooperadorapelle.org.ar\/wp\/wp-content\/uploads\/2021\/10\/logo-coope2.png","width":1416,"height":544,"caption":"Asociaci\u00f3n Cooperadora Fitz Simon"},"image":{"@id":"https:\/\/cooperadorapelle.org.ar\/wp\/#\/schema\/logo\/image\/"},"sameAs":["https:\/\/www.facebook.com\/lacoopedelpelle","https:\/\/www.instagram.com\/lacoopedelpelle\/"]},{"@type":"Person","@id":"https:\/\/cooperadorapelle.org.ar\/wp\/#\/schema\/person\/6f68f1aea1aeb39a5da64ee9798fc374","name":"admincoope","sameAs":["https:\/\/cooperadorapelle.org.ar\/wp"],"url":"https:\/\/cooperadorapelle.org.ar\/wp\/author\/admincoope\/"}]}},"_links":{"self":[{"href":"https:\/\/cooperadorapelle.org.ar\/wp\/wp-json\/wp\/v2\/posts\/1399","targetHints":{"allow":["GET"]}}],"collection":[{"href":"https:\/\/cooperadorapelle.org.ar\/wp\/wp-json\/wp\/v2\/posts"}],"about":[{"href":"https:\/\/cooperadorapelle.org.ar\/wp\/wp-json\/wp\/v2\/types\/post"}],"author":[{"embeddable":true,"href":"https:\/\/cooperadorapelle.org.ar\/wp\/wp-json\/wp\/v2\/users\/1"}],"replies":[{"embeddable":true,"href":"https:\/\/cooperadorapelle.org.ar\/wp\/wp-json\/wp\/v2\/comments?post=1399"}],"version-history":[{"count":8,"href":"https:\/\/cooperadorapelle.org.ar\/wp\/wp-json\/wp\/v2\/posts\/1399\/revisions"}],"predecessor-version":[{"id":1411,"href":"https:\/\/cooperadorapelle.org.ar\/wp\/wp-json\/wp\/v2\/posts\/1399\/revisions\/1411"}],"wp:featuredmedia":[{"embeddable":true,"href":"https:\/\/cooperadorapelle.org.ar\/wp\/wp-json\/wp\/v2\/media\/1400"}],"wp:attachment":[{"href":"https:\/\/cooperadorapelle.org.ar\/wp\/wp-json\/wp\/v2\/media?parent=1399"}],"wp:term":[{"taxonomy":"category","embeddable":true,"href":"https:\/\/cooperadorapelle.org.ar\/wp\/wp-json\/wp\/v2\/categories?post=1399"},{"taxonomy":"post_tag","embeddable":true,"href":"https:\/\/cooperadorapelle.org.ar\/wp\/wp-json\/wp\/v2\/tags?post=1399"}],"curies":[{"name":"wp","href":"https:\/\/api.w.org\/{rel}","templated":true}]}}